{"headers": {"id": "ID", "periodo": "Per\u00edodo", "titulo": "Mat\u00e9ria", "autor": "Autor", "ementa": "Ementa", "situacao": "Situa\u00e7\u00e3o"}, "results": [{"id": 54, "periodo": "ordem dia", "titulo": "Indica\u00e7\u00e3o n\u00ba 8 de 2026", "autor": "RUAN", "ementa": "Manuten\u00e7\u00e3o das tampas de bueiros ou bocas de lobo.", "situacao": "Mat\u00e9ria Apresentada em Plen\u00e1rio"}, {"id": 55, "periodo": "ordem dia", "titulo": "Indica\u00e7\u00e3o n\u00ba 9 de 2026", "autor": "ZANON", "ementa": "Requerendo a constru\u00e7\u00e3o de \u00e1rea de escape na entrada Vila Rural na PR459.", "situacao": "Mat\u00e9ria Apresentada em Plen\u00e1rio"}, {"id": 56, "periodo": "ordem dia", "titulo": "Indica\u00e7\u00e3o n\u00ba 10 de 2026", "autor": "Secretaria Legislativa - SECRLEG", "ementa": "Requerendo aumento de cota de combustivel para alguns setores.", "situacao": "Mat\u00e9ria Apresentada em Plen\u00e1rio"}, {"id": 27, "periodo": "ordem dia", "titulo": "Projeto de Lei do Legislativo n\u00ba 2 de 2026", "autor": "JUSSARA", "ementa": "Disp\u00f5e sobre a proibi\u00e7\u00e3o da queima de lixo, residuos s\u00f3lidos e outros materiais no ambito do munic\u00edpio de Reserva do Igua\u00e7u-PR e da outras provid\u00eancias.", "situacao": "Mat\u00e9ria Apresentada em Plen\u00e1rio"}]}