{"id":7,"__str__":"Indica\u00e7\u00e3o n\u00ba 1 de 2025","link_detail_backend":"/materia/7","metadata":{},"numero":1,"ano":2025,"numero_protocolo":8,"data_apresentacao":"2025-10-06","tipo_apresentacao":"E","data_publicacao":null,"numero_origem_externa":"","ano_origem_externa":null,"data_origem_externa":null,"apelido":"","dias_prazo":null,"data_fim_prazo":null,"em_tramitacao":true,"polemica":false,"objeto":"","complementar":false,"ementa":"Indica\u00e7\u00e3o a cria\u00e7\u00e3o de grupo no Centro de Refer\u00eancia de Assist\u00eancia Social (CRAS), um Grupo de Apoio e Fortalecimento para M\u00e3es de Crian\u00e7as com Autismo (TEA).","indexacao":"","observacao":"","resultado":"","texto_original":"http://sapl.reservadoiguacu.pr.leg.br/media/sapl/public/materialegislativa/2025/7/indicacao_046-25-jussara.docx","data_ultima_atualizacao":"2025-10-06T09:08:55.344916-03:00","ip":"45.190.3.155","ultima_edicao":"2025-10-06T09:00:11.408301-03:00","tipo":2,"regime_tramitacao":1,"tipo_origem_externa":null,"local_origem_externa":null,"user":2,"anexadas":[],"autores":[10]}