{"id":1,"__str__":"Projeto de Lei n\u00ba 1 de 2025","link_detail_backend":"/materia/1","metadata":{},"numero":1,"ano":2025,"numero_protocolo":1,"data_apresentacao":"2025-09-03","tipo_apresentacao":"E","data_publicacao":null,"numero_origem_externa":"","ano_origem_externa":null,"data_origem_externa":null,"apelido":"","dias_prazo":null,"data_fim_prazo":null,"em_tramitacao":false,"polemica":false,"objeto":"","complementar":false,"ementa":"SUMULA: Institui o Programa Municipal de Preven\u00e7\u00e3o ao Suic\u00eddio e Promo\u00e7\u00e3o da Sa\u00fade Mental \"Cuidar para Viver\".","indexacao":"estagio aluno estudante trabalho","observacao":"","resultado":"","texto_original":"http://sapl.reservadoiguacu.pr.leg.br/media/sapl/public/materialegislativa/2025/1/proejto_de_lei_003-2025_-_raquel.odt","data_ultima_atualizacao":"2026-02-13T15:52:35.616061-03:00","ip":"45.190.3.155","ultima_edicao":"2025-09-10T09:28:08.724025-03:00","tipo":1,"regime_tramitacao":1,"tipo_origem_externa":null,"local_origem_externa":null,"user":2,"anexadas":[],"autores":[5]}