{"id":19,"__str__":"Projeto de Lei n\u00ba 1 de 2026","link_detail_backend":"/materia/19","metadata":{},"numero":1,"ano":2026,"numero_protocolo":20,"data_apresentacao":"2026-02-06","tipo_apresentacao":"E","data_publicacao":null,"numero_origem_externa":"","ano_origem_externa":null,"data_origem_externa":null,"apelido":"","dias_prazo":null,"data_fim_prazo":null,"em_tramitacao":false,"polemica":false,"objeto":"","complementar":false,"ementa":"altera o artigo 5\u00ba da Lei Municipal 861/2013, que disp\u00f5e sobre a cria\u00e7\u00e3o do Conselho dos direitos da pessao com deficiencia, revoga a lei n\u00ba910/2015 e da outras providencias.","indexacao":"","observacao":"","resultado":"","texto_original":"http://sapl.reservadoiguacu.pr.leg.br/media/sapl/public/materialegislativa/2026/19/projeto_de_lei_no01-2026_prefeito_municipal.pdf","data_ultima_atualizacao":"2026-02-27T15:20:24.126815-03:00","ip":"45.190.3.155","ultima_edicao":"2026-02-10T08:21:36.304712-03:00","tipo":1,"regime_tramitacao":2,"tipo_origem_externa":null,"local_origem_externa":null,"user":2,"anexadas":[],"autores":[20]}