{"id":4,"__str__":"Parecer - COMISS\u00c3O DE LEGISLA\u00c7\u00c3O, JUSTI\u00c7A E REDA\u00c7\u00c3O FINAL de 27/01/2026 por Relator Ruan Cristian Moraes Monteiro","link_detail_backend":"/materia/documentoacessorio/4","metadata":{},"nome":"COMISS\u00c3O DE LEGISLA\u00c7\u00c3O, JUSTI\u00c7A E REDA\u00c7\u00c3O FINAL","data":"2026-01-27","autor":"Relator Ruan Cristian Moraes Monteiro","ementa":"Favor\u00e1vel a tramita\u00e7\u00e3o no plen\u00e1rio desta Casa de Leis.","indexacao":"","arquivo":"http://sapl.reservadoiguacu.pr.leg.br/media/sapl/public/documentoacessorio/2026/4/parecer_001-26_pl_003-26_exe.pdf","data_ultima_atualizacao":"2026-01-27T10:49:27.548586-03:00","materia":11,"tipo":9}