{"id":8,"__str__":"Ordin\u00e1ria","link_detail_backend":"/comissao/reuniao/8","metadata":{},"numero":7,"nome":"Ordin\u00e1ria","tema":"","data":"2026-03-19","hora_inicio":"10:00:00","hora_fim":null,"local_reuniao":"","observacao":"An\u00e1lise e parecer ao PL 02-26 do Legislativo.","url_audio":"","url_video":"","upload_pauta":null,"upload_ata":null,"upload_anexo":null,"periodo":1,"comissao":1}